[{"@context":"https:\/\/schema.org\/","@type":"Article","@id":"https:\/\/www.simfa.cz\/u-vody-je-nejlip\/#Article","mainEntityOfPage":"https:\/\/www.simfa.cz\/u-vody-je-nejlip\/","headline":"U vody je nejl\u00edp","name":"U vody je nejl\u00edp","description":"Kdy\u017e nastane v na\u0161ich kon\u010din\u00e1ch chladn\u00e1 nebo i vysloven\u011b mraziv\u00e1 \u010d\u00e1st roku, nepochvalujeme si to. Nen\u00ed n\u00e1m p\u0159\u00edjemn\u00e9, jak se klepeme zimou, nejsou n\u00e1m po chut\u00ed ony \u010dast\u00e9 pl\u00edskanice, brod\u011bn\u00ed se sn\u011bhem nebo p\u0159eskakov\u00e1n\u00ed kalu\u017e\u00ed, &hellip; ","datePublished":"2025-02-11","dateModified":"2025-02-11","author":{"@type":"Person","@id":"https:\/\/www.simfa.cz\/author\/#Person","name":"","url":"https:\/\/www.simfa.cz\/author\/","identifier":1,"image":{"@type":"ImageObject","@id":"https:\/\/secure.gravatar.com\/avatar\/b72fc1bf1bf254b4118ef99c1da35a199f5a8e7c33c2166eae92618994df57ea?s=96&d=mm&r=g","url":"https:\/\/secure.gravatar.com\/avatar\/b72fc1bf1bf254b4118ef99c1da35a199f5a8e7c33c2166eae92618994df57ea?s=96&d=mm&r=g","height":96,"width":96}},"publisher":{"@type":"Organization","name":"simfa.cz","logo":{"@type":"ImageObject","@id":"\/logo.png","url":"\/logo.png","width":600,"height":60}},"image":{"@type":"ImageObject","@id":"https:\/\/www.simfa.cz\/wp-content\/uploads\/bbbbbbbbbbbbbbbbbbbbbbbbbbbb_3.jpg","url":"https:\/\/www.simfa.cz\/wp-content\/uploads\/bbbbbbbbbbbbbbbbbbbbbbbbbbbb_3.jpg","height":0,"width":0},"url":"https:\/\/www.simfa.cz\/u-vody-je-nejlip\/","about":["Zbo\u017e\u00ed"],"wordCount":440,"articleBody":"         Kdy\u017e nastane v na\u0161ich kon\u010din\u00e1ch chladn\u00e1 nebo i vysloven\u011b mraziv\u00e1 \u010d\u00e1st roku, nepochvalujeme si to. Nen\u00ed n\u00e1m p\u0159\u00edjemn\u00e9, jak se klepeme zimou, nejsou n\u00e1m po chut\u00ed ony \u010dast\u00e9 pl\u00edskanice, brod\u011bn\u00ed se sn\u011bhem nebo p\u0159eskakov\u00e1n\u00ed kalu\u017e\u00ed, nevyhovuje n\u00e1m to, jak mus\u00edme b\u00fdt navle\u010den\u00ed nebo si dr\u017eet co chv\u00edli de\u0161tn\u00edk nad hlavou. Zimu prost\u011b nem\u00e1me r\u00e1di. Mo\u017en\u00e1 snad jedin\u011b s v\u00fdjimkou toho, kdy\u017e jdeme bruslit nebo si vyjedeme na hory zaly\u017eovat. V\u011bt\u0161inou jsme ale zalezl\u00ed n\u011bkde v teple a dobrovoln\u011b snad ani nos nevystr\u010d\u00edme. Nen\u00ed tedy divu, \u017ee u\u017e n\u011bkolik m\u011bs\u00edc\u016f tou\u017e\u00edme po jaru a zejm\u00e9na po l\u00e9t\u011b, kdy bude zase teplo. A my odlo\u017e\u00edme zbyte\u010dn\u00e9 svr\u0161ky a bude n\u00e1m b\u00e1je\u010dn\u011b.Jen\u017ee p\u0159\u00edroda nem\u00e1 rozum. A tak to v l\u00e9t\u011b neskon\u010d\u00ed jenom u teplot, kter\u00e9 jsou n\u00e1m lidem p\u0159\u00edjemn\u00e9. P\u0159\u00edroda se pro zm\u011bnu zalije sluncem a je tak horko, \u017ee nejednou za\u010d\u00edn\u00e1me s l\u00e1skou vzpom\u00ednat pro zm\u011bnu na zimu. A nad\u00e1v\u00e1me na to, jak je n\u00e1m vedro. Ale dv\u011b sorty lid\u00ed si nest\u011b\u017euj\u00ed. A to jsou jednak ti, kte\u0159\u00ed zam\u00ed\u0159\u00ed za horka na dovolenou n\u011bkam k vod\u011b, a jednak ti, kte\u0159\u00ed nemus\u00ed m\u00ed\u0159it za vodou nikam, proto\u017ee maj\u00ed doma vlastn\u00ed baz\u00e9n. T\u011bmto dv\u011bma skupin\u00e1m lid\u00ed lze z\u00e1vid\u011bt. A podle m\u00e9ho n\u00e1zoru jsou na tom l\u00e9pe ti, kdo maj\u00ed soukrom\u00e9 baz\u00e9ny. Proto\u017ee se daj\u00ed sehnat takov\u00e9 baz\u00e9ny do zem\u011b levn\u011b https:\/\/www.bazenygluc.cz\/ a jejich majitel\u00e9 je maj\u00ed k dispozici kdykoliv tam, kam si je um\u00edst\u00ed. Na rozd\u00edl od lid\u00ed, kte\u0159\u00ed jezd\u00ed k vod\u011b jenom na dovolenou, proto\u017ee za t\u011bmi mo\u0159e nep\u0159ijede a po ruce tak neb\u00fdv\u00e1, kdykoliv by to bylo pot\u0159eba. A tak si na\u0161i lid\u00e9 \u010dasto baz\u00e9ny kupuj\u00ed. Vyhl\u00e9dnou si m\u00edsta, kam by si je mohli um\u00edstit, a pak se tu koupou, jak se jim to zl\u00edb\u00ed. T\u0159eba i od r\u00e1na do ve\u010dera, ve v\u0161edn\u00ed dny i ve sv\u00e1tky. A co vy? Koupete se? A jestli ano, kde? Jestli u\u017e m\u00e1te sv\u016fj vlastn\u00ed baz\u00e9n, nenechte se ru\u0161it a koupejte se d\u00e1l. A jestli takov\u00fd baz\u00e9n nem\u00e1te, b\u011b\u017ete si ho tak\u00e9 koupit. Aby v\u00e1m bylo v l\u00e9t\u011b p\u0159\u00edjemn\u011b.                                                                                                                                                                                                                                                                                                                                                                                          5\/5 - (1 vote)        "},{"@context":"https:\/\/schema.org\/","@type":"BreadcrumbList","itemListElement":[{"@type":"ListItem","position":1,"name":"U vody je nejl\u00edp","item":"https:\/\/www.simfa.cz\/u-vody-je-nejlip\/#breadcrumbitem"}]}]