[{"@context":"https:\/\/schema.org\/","@type":"Article","@id":"https:\/\/www.simfa.cz\/pro-spravnou-funkci-matrace\/#Article","mainEntityOfPage":"https:\/\/www.simfa.cz\/pro-spravnou-funkci-matrace\/","headline":"Pro spr\u00e1vnou funkci matrace","name":"Pro spr\u00e1vnou funkci matrace","description":"Pokud si mysl\u00edte, \u017ee kdy\u017e si koup\u00edte kr\u00e1snou a designov\u011b elegantn\u00ed postel a do n\u00ed zdravotn\u00ed matraci, budete m\u00edt, co se sp\u00e1nku t\u00fd\u010de na r\u016f\u017e\u00edch ustl\u00e1no, m\u00fdl\u00edte se. Aby zdravotn\u00ed matrace mohla plnit sv\u00e9 funkce &hellip; ","datePublished":"2023-04-09","dateModified":"2023-04-09","author":{"@type":"Person","@id":"https:\/\/www.simfa.cz\/author\/#Person","name":"","url":"https:\/\/www.simfa.cz\/author\/","identifier":1,"image":{"@type":"ImageObject","@id":"https:\/\/secure.gravatar.com\/avatar\/b72fc1bf1bf254b4118ef99c1da35a199f5a8e7c33c2166eae92618994df57ea?s=96&d=mm&r=g","url":"https:\/\/secure.gravatar.com\/avatar\/b72fc1bf1bf254b4118ef99c1da35a199f5a8e7c33c2166eae92618994df57ea?s=96&d=mm&r=g","height":96,"width":96}},"publisher":{"@type":"Organization","name":"simfa.cz","logo":{"@type":"ImageObject","@id":"\/logo.png","url":"\/logo.png","width":600,"height":60}},"url":"https:\/\/www.simfa.cz\/pro-spravnou-funkci-matrace\/","wordCount":257,"articleBody":"Pokud si mysl\u00edte, \u017ee kdy\u017e si koup\u00edte kr\u00e1snou a designov\u011b elegantn\u00ed postel a do n\u00ed zdravotn\u00ed matraci, budete m\u00edt, co se sp\u00e1nku t\u00fd\u010de na r\u016f\u017e\u00edch ustl\u00e1no, m\u00fdl\u00edte se. Aby zdravotn\u00ed matrace mohla plnit sv\u00e9 funkce a pe\u010dovat tak o va\u0161e zdrav\u00ed, mus\u00ed v ka\u017ed\u00e9m p\u0159\u00edpad\u011b le\u017eet nejen ve spr\u00e1vn\u00e9, l\u00edbiv\u00e9 a zdravotn\u011b nez\u00e1vadn\u00e9 posteli, ale i na tom spr\u00e1vn\u00e9m ro\u0161tu. Pokud tomu tak nebude, m\u016f\u017ee se v\u00e1m klidn\u011b st\u00e1t, \u017ee nebudete m\u00edt u\u017eitek ani z jednoho.Klidn\u011b i na cel\u00fd \u017eivotPokud se soud\u00ed, \u017ee kvalitn\u00ed matrace v\u00e1m m\u016f\u017ee skv\u011ble slou\u017eit a\u017e deset let a n\u011bkdy i d\u00e9le, kvalitn\u00ed ro\u0161ty v\u00e1m mohou vydr\u017eet t\u0159eba i cel\u00fd \u017eivot. Proto je tak d\u016fle\u017eit\u00e9 jejich v\u00fdb\u011br nepodcenit. \u010c\u00edm siln\u011bj\u0161\u00ed matraci zvol\u00edte, t\u00edm m\u00e9n\u011b pr\u00e1ce nech\u00e1te prvku, na kter\u00e9m le\u017e\u00ed. Matrace v tom p\u0159\u00edpad\u011b toti\u017e v\u011bt\u0161inu v\u00e1hy p\u0159evezme a rozprost\u0159e sama. I tak je v\u0161ak d\u016fle\u017eit\u00e9, aby byla po\u0159\u00e1dn\u011b odv\u011btr\u00e1van\u00e1, to znamen\u00e1, aby se v n\u00ed nemno\u017eili pl\u00edsn\u011b a rozto\u010di. Pevn\u00e9 la\u0165ky \u010di je\u0161t\u011b l\u00e9pe pru\u017einov\u00e9 lamely jsou tak t\u00edm nejlep\u0161\u00edm, co m\u016f\u017eete pro sv\u00e9 postele a matrace ud\u011blat a m\u00edt ta Na R\u016f\u017e\u00edch\u2026ustl\u00e1no.                                                                                                                                                                                                                                                                                                                                                                                        5\/5 - (1 vote)        "},{"@context":"https:\/\/schema.org\/","@type":"BreadcrumbList","itemListElement":[{"@type":"ListItem","position":1,"name":"Pro spr\u00e1vnou funkci matrace","item":"https:\/\/www.simfa.cz\/pro-spravnou-funkci-matrace\/#breadcrumbitem"}]}]