[{"@context":"https:\/\/schema.org\/","@type":"Article","@id":"https:\/\/www.simfa.cz\/odbornici-maji-dvere-otevrene\/#Article","mainEntityOfPage":"https:\/\/www.simfa.cz\/odbornici-maji-dvere-otevrene\/","headline":"Odborn\u00edci maj\u00ed dve\u0159e otev\u0159en\u00e9","name":"Odborn\u00edci maj\u00ed dve\u0159e otev\u0159en\u00e9","description":"Pokud vn\u00edm\u00e1te jih \u010cech, \u0160umavy za atraktivn\u00ed, pak si mo\u017en\u00e1 zad\u00e1te p\u0159i hled\u00e1n\u00ed zam\u011bstn\u00e1v\u00e1n\u00ed heslo l\u00e9ka\u0159 hled\u00e1 pr\u00e1ci v Plzni a okol\u00ed. Mile V\u00e1s p\u0159ekvap\u00ed, \u017ee p\u0159ij\u00edmaj\u00ed odborn\u00edky v psychiatrick\u00e9 nemocnici v Dob\u0159anech, m\u011bste\u010dku bl\u00edzko &hellip; ","datePublished":"2025-03-04","dateModified":"2025-03-04","author":{"@type":"Person","@id":"https:\/\/www.simfa.cz\/author\/#Person","name":"","url":"https:\/\/www.simfa.cz\/author\/","identifier":1,"image":{"@type":"ImageObject","@id":"https:\/\/secure.gravatar.com\/avatar\/b72fc1bf1bf254b4118ef99c1da35a199f5a8e7c33c2166eae92618994df57ea?s=96&d=mm&r=g","url":"https:\/\/secure.gravatar.com\/avatar\/b72fc1bf1bf254b4118ef99c1da35a199f5a8e7c33c2166eae92618994df57ea?s=96&d=mm&r=g","height":96,"width":96}},"publisher":{"@type":"Organization","name":"simfa.cz","logo":{"@type":"ImageObject","@id":"\/logo.png","url":"\/logo.png","width":600,"height":60}},"url":"https:\/\/www.simfa.cz\/odbornici-maji-dvere-otevrene\/","wordCount":178,"articleBody":"Pokud vn\u00edm\u00e1te jih \u010cech, \u0160umavy za atraktivn\u00ed, pak si mo\u017en\u00e1 zad\u00e1te p\u0159i hled\u00e1n\u00ed zam\u011bstn\u00e1v\u00e1n\u00ed heslo l\u00e9ka\u0159 hled\u00e1 pr\u00e1ci v Plzni a okol\u00ed. Mile V\u00e1s p\u0159ekvap\u00ed, \u017ee p\u0159ij\u00edmaj\u00ed odborn\u00edky v psychiatrick\u00e9 nemocnici v Dob\u0159anech, m\u011bste\u010dku bl\u00edzko Plzn\u011b. Ur\u010dit\u011b budete nad\u0161eni z mo\u017enosti, \u017ee byste zde mohl \u010di mohla nastoupit. V\u017edy\u0165 se jedn\u00e1 o presti\u017en\u00ed zdravotnick\u00e9 za\u0159\u00edzen\u00ed a proto je to \u00fa\u017easn\u00e1 p\u0159\u00edle\u017eitost. V\u00fdhody a p\u0159\u00e1telsk\u00fd kolektiv \u010c\u00edm V\u00e1s je\u0161t\u011b m\u016f\u017ee nab\u00eddka oslovit? Pokud nejste m\u00edstn\u00ed, ur\u010dit\u011b V\u00e1s bude zaj\u00edmat ubytov\u00e1n\u00ed na ubytovn\u011b nebo do budoucna mo\u017enost p\u0159id\u011blen\u00ed bytu. D\u00e1le z\u00e1vodn\u00ed stravov\u00e1n\u00ed, p\u0159\u00edsp\u011bvky FKSP, garance mate\u0159sk\u00e9 \u0161koly a cel\u00e1 \u0159ada dal\u0161\u00edch, o kter\u00fdch se m\u016f\u017eete v\u00edce do\u010d\u00edst na webov\u00fdch str\u00e1nk\u00e1ch nemocnice. Krom\u011b toho V\u00e1m zde mohou zaru\u010dit p\u0159\u00e1telsk\u00fd kolegi\u00e1ln\u00ed kolektiv.                                                                                                                                                                                                                                                                                                                                                                                                "},{"@context":"https:\/\/schema.org\/","@type":"BreadcrumbList","itemListElement":[{"@type":"ListItem","position":1,"name":"Odborn\u00edci maj\u00ed dve\u0159e otev\u0159en\u00e9","item":"https:\/\/www.simfa.cz\/odbornici-maji-dvere-otevrene\/#breadcrumbitem"}]}]