[{"@context":"https:\/\/schema.org\/","@type":"Article","@id":"https:\/\/www.simfa.cz\/cista-domacnost\/#Article","mainEntityOfPage":"https:\/\/www.simfa.cz\/cista-domacnost\/","headline":"\u010cist\u00e1 dom\u00e1cnost","name":"\u010cist\u00e1 dom\u00e1cnost","description":"J\u00e1 si mysl\u00edm, \u017ee ka\u017ed\u00fd \u010dlov\u011bk by cht\u011bl m\u00edt svou dom\u00e1cnost tak\u00e9 n\u011bjak kr\u00e1sn\u011b upravenou. Nap\u0159\u00edklad j\u00e1 osobn\u011b si nedok\u00e1\u017ei p\u0159edstavit, kdyby t\u0159eba moje dom\u00e1cnost m\u011bla b\u00fdt takov\u00e1 r\u016fzn\u00e1. Jen tak napolo uklizen\u00e1 a nebo, &hellip; ","datePublished":"2023-04-15","dateModified":"2023-04-15","author":{"@type":"Person","@id":"https:\/\/www.simfa.cz\/author\/#Person","name":"","url":"https:\/\/www.simfa.cz\/author\/","identifier":1,"image":{"@type":"ImageObject","@id":"https:\/\/secure.gravatar.com\/avatar\/b72fc1bf1bf254b4118ef99c1da35a199f5a8e7c33c2166eae92618994df57ea?s=96&d=mm&r=g","url":"https:\/\/secure.gravatar.com\/avatar\/b72fc1bf1bf254b4118ef99c1da35a199f5a8e7c33c2166eae92618994df57ea?s=96&d=mm&r=g","height":96,"width":96}},"publisher":{"@type":"Organization","name":"simfa.cz","logo":{"@type":"ImageObject","@id":"\/logo.png","url":"\/logo.png","width":600,"height":60}},"image":{"@type":"ImageObject","@id":"https:\/\/www.simfa.cz\/wp-content\/uploads\/cactus-2556000_1280.jpg","url":"https:\/\/www.simfa.cz\/wp-content\/uploads\/cactus-2556000_1280.jpg","height":0,"width":0},"url":"https:\/\/www.simfa.cz\/cista-domacnost\/","about":["Dom\u00e1cnost"],"wordCount":430,"articleBody":"J\u00e1 si mysl\u00edm, \u017ee ka\u017ed\u00fd \u010dlov\u011bk by cht\u011bl m\u00edt svou dom\u00e1cnost tak\u00e9 n\u011bjak kr\u00e1sn\u011b upravenou. Nap\u0159\u00edklad j\u00e1 osobn\u011b si nedok\u00e1\u017ei p\u0159edstavit, kdyby t\u0159eba moje dom\u00e1cnost m\u011bla b\u00fdt takov\u00e1 r\u016fzn\u00e1. Jen tak napolo uklizen\u00e1 a nebo, aby tam byl nepo\u0159\u00e1dek. Nem\u00e1m v\u016fbec r\u00e1da nepo\u0159\u00e1dek. Proto jsem r\u00e1da, \u017ee i moje rodinn\u00e1 db\u00e1 na po\u0159\u00e1dek a na \u010distotu, tak\u017ee tak\u00e9 v myt\u00ed podlahy a nebo ve vys\u00e1v\u00e1n\u00ed podlah a koberc\u016f se v\u0161ichni st\u0159\u00edd\u00e1me. Mysl\u00edm si, \u017ee nejsem jedin\u00e1, kdo chce m\u00edt dom\u00e1cnost opravdu hodn\u011b \u010distou. Nebylo by od v\u011bci, kdyby t\u0159eba tak\u00e9 lid\u00e9 dbali v\u00edce na hygienu. Kolikr\u00e1t jsem t\u0159eba byla u n\u011bjak\u00fdch lid\u00ed na n\u00e1v\u0161t\u011bv\u011b, kte\u0159\u00ed t\u0159eba m\u011bli opravdu plno zv\u00ed\u0159at a bylo jim \u00fapln\u011b jedno, \u017ee t\u0159eba d\u011blaj\u00ed nepo\u0159\u00e1dek na zemi.A kolikr\u00e1t jsem vid\u011bla, \u017ee jim t\u0159eba n\u011bjak\u00e9 pe\u010divo nebo ovoce spadlo na zem a ani to neumyli a ihned to za\u010dali konzumovat, abych se p\u0159iznala a bylo mi z toho n\u011bkdy \u00fapln\u011b nevolno a \u0161patn\u011b. Nedok\u00e1\u017eu si p\u0159edstavit, \u017ee bych musela sn\u00edst jablko t\u0159eba od zv\u00ed\u0159ec\u00edch chlup\u016f. Opravdu \u0159\u00edk\u00e1m, \u017ee p\u0159esn\u011b takovouhle dom\u00e1cnost j\u00e1 bych osobn\u011b necht\u011bla. A proto\u017ee m\u00e1me doma tak\u00e9 ko\u010dku a psa a tak\u00e9 papou\u0161ka, ta k samoz\u0159ejm\u011b se to mus\u00ed dvakr\u00e1t v\u00edce udr\u017eovat, tedy alespo\u0148, kdo chce.A j\u00e1 chci! Opravdu si nep\u0159eji, aby mi t\u0159eba potom n\u011bkdo \u0159ekl, \u017ee m\u00e1m opravdu \u0161patnou dom\u00e1cnost, \u017ee tam m\u00e1m nepo\u0159\u00e1dek. Tohle by se mi opravdu v\u016fbec nel\u00edbilo, a proto jsem r\u00e1da, \u017ee u m\u011b je dom\u00e1cnost v\u017edycky opravdu v naprost\u00e9 \u010distot\u011b. Nedok\u00e1\u017ei si p\u0159edstavit, kdybych tam m\u011bla nepo\u0159\u00e1dek. Nav\u00edc je\u0161t\u011b ne\u017e jdu sp\u00e1t, tak chci m\u00edt v\u017edycky v\u0161echno uklizen\u00e9. P\u0159ed span\u00edm v\u017edycky v\u011bt\u0161inou umyji podlahu a nebo tak\u00e9 hlavn\u011b n\u00e1dob\u00ed. J\u00e1 nem\u00e1m r\u00e1da, kdy\u017e potom vstanu a chci si ud\u011blat k\u00e1vu a je tam opravdu plno \u0161pinav\u00e9ho n\u00e1dob\u00ed a nebo pln\u00fd d\u0159ez, v\u0161echno mus\u00ed b\u00fdt opravdu uklizen\u00e9 a tohle se mi moc l\u00edb\u00ed. Nebo vy nem\u00e1te r\u00e1di uspo\u0159\u00e1dan\u00fd a uklizen\u00fd byt?\u00a0                                                                                                                                                                                                                                                                                                                                                                                                "},{"@context":"https:\/\/schema.org\/","@type":"BreadcrumbList","itemListElement":[{"@type":"ListItem","position":1,"name":"\u010cist\u00e1 dom\u00e1cnost","item":"https:\/\/www.simfa.cz\/cista-domacnost\/#breadcrumbitem"}]}]